{"id":57332,"date":"2020-05-14T13:10:21","date_gmt":"2020-05-14T11:10:21","guid":{"rendered":"https:\/\/www.24hracing.at\/?p=57332"},"modified":"2022-06-25T11:44:41","modified_gmt":"2022-06-25T09:44:41","slug":"june2020-postponed","status":"publish","type":"post","link":"https:\/\/www.24hracing.at\/hu\/june2020-postponed\/","title":{"rendered":"Verschiebung 2020"},"content":{"rendered":"\n<h1 class=\"wp-block-heading\">Liebe Motorsportfreunde!<\/h1>\n\n\n\n<h1 class=\"wp-block-heading\">Dear racers!<\/h1>\n\n\n\n<h1 class=\"wp-block-heading\">Kedves Motorsportrajong\u00f3k!<\/h1>\n\n\n\n<div style=\"height:34px\" aria-hidden=\"true\" class=\"wp-block-spacer\"><\/div>\n\n\n\n<p>Aufgrund der derzeitigen Corona-Situation ist es uns derzeit <strong>nicht m\u00f6glich<\/strong> den <strong>Juni Durchgang der 24 HOURS OF RACING<\/strong> durchzuf\u00fchren.<\/p>\n\n\n\n<p>Mit dem Feedback aus dem Fahrerlager sind wir zum Entschluss gekommen, das Juni-Rennen zu verschieben.<\/p>\n\n\n\n<p>Den meisten Teams ist es nicht m\u00f6glich den Rennwagen gemeinsam f\u00fcr das Rennen vorzubereiten. Gerade diese Gemeinschaftlichkeit ist einer der wichtigsten Punkte f\u00fcr ein gro\u00dfartiges Rennerlebnis.<\/p>\n\n\n\n<p>Auch die Reisebeschr\u00e4nkungen und Restrikte der Regierungen verhindern leider die Durchf\u00fchrung des Rennens.<\/p>\n\n\n\n<p>Wir bem\u00fchen uns schnellstm\u00f6glich einen Ersatztermin zu finden, um euch dann ein tolles Event bieten zu k\u00f6nnen, ohne Corona-\u00c4ngste und ordentlich Druck am Gaspedal, um all den Frust der vergangenen Zeit ablassen zu k\u00f6nnen.<\/p>\n\n\n\n<hr class=\"wp-block-separator has-alpha-channel-opacity\"\/>\n\n\n\n<p>Due to the current corona situation, it is <strong>currently not possibl<\/strong>e for us to conduct the <strong>24 HOURS OF RACING in June<\/strong>.<\/p>\n\n\n\n<p>With the feedback from the paddock, we decided to postpone the June race.<\/p>\n\n\n\n<p>Most teams are unable to prepare the race car for the race together. This community is one of the most important points for a great racing experience.<\/p>\n\n\n\n<p>Unfortunately, travel restrictions and government restrictions also prevent the race from being held.<\/p>\n\n\n\n<p>We strive to find an alternative date as soon as possible so that we can offer you a great event without corona fears and a lot of pressure on the accelerator to release all the frustration of the past.<\/p>\n\n\n\n<hr class=\"wp-block-separator has-alpha-channel-opacity\"\/>\n\n\n\n<p>A mostani koronav\u00edrus-helyzet miatt a j\u00faniusi 24 HOURS OF RACING versenyt nem \u00e1ll m\u00f3dunkban megrendezni.<\/p>\n\n\n\n<p>A csapatokt\u00f3l \u00e9rkez\u00f6 visszajelz\u00e9sek alapj\u00e1n arra a v\u00e9geredm\u00e9nyre jutottunk, hogy a j\u00faniusi versenyt m\u00e1s id\u00f6pontban rendezz\u00fck meg.<\/p>\n\n\n\n<p>A legt\u00f6bb csapatnak nem \u00e1ll m\u00f3dj\u00e1ban a versenyaut\u00f3t megfelel\u00f6 m\u00f3don felk\u00e9sz\u00edteni a versenyre. \u00c9ppen ez a csapaton bel\u00fcli egy\u00fcttm\u00fck\u00f6d\u00e9s az egyik legfontosabb pontja a nagyszer\u00fc verseny\u00e9lm\u00e9nynek.<\/p>\n\n\n\n<p>A korm\u00e1ny utaz\u00e1sra- \u00e9s rendezv\u00e9nyek szervez\u00e9s\u00e9re vonatkoz\u00f3 korl\u00e1toz\u00e1sai sem bel\u00e1that\u00f3ak egyel?re.<\/p>\n\n\n\n<p>Igyekezni fogunk min\u00e9l hamar\u00e1bb egy \u00faj id\u00f6pontot tal\u00e1lni, hogy tudjunk Nektek egy szuper rendezv\u00e9nyt szervezni koronav\u00edrust\u00f3l val\u00f3 f\u00e9lelem n\u00e9lk\u00fcl, ahol az elm\u00falt id\u00f6szak felhalmoz\u00f3dott fesz\u00fclts\u00e9g\u00e9t padl\u00f3g\u00e1zzal le lehet vezetni.[:]<\/p>\n","protected":false},"excerpt":{"rendered":"<p>[:de]Aufgrund der derzeitigen Corona-Situation ist es uns derzeit nicht m\u00f6glich den Juni Durchgang der 24 HOURS OF RACING durchzuf\u00fchren.<br \/>\nMit dem Feedback aus dem Fahrerlager sind wir zum Entschluss gekommen, das Juni-Rennen zu verschieben.[:en]Due to the current corona situation, it is currently not possible for us to conduct the 24 HOURS OF RACING in June.<br \/>\nWith the feedback from the paddock, we decided to postpone the June race.<br \/>\n[:hu]A mostani koronav\u00edrus-helyzet miatt a j\u00faniusi 24 HOURS OF RACING versenyt nem \u00e1ll m\u00f3dunkban megrendezni.<br \/>\nA csapatokt\u00f3l \u00e9rkez\u00f6 visszajelz\u00e9sek alapj\u00e1n arra a v\u00e9geredm\u00e9nyre jutottunk, hogy a j\u00faniusi versenyt m\u00e1s id\u00f6pontban rendezz\u00fck meg.[:]<\/p>\n","protected":false},"author":7,"featured_media":57334,"comment_status":"closed","ping_status":"open","sticky":false,"template":"","format":"standard","meta":{"footnotes":""},"categories":[475,641],"tags":[],"class_list":["post-57332","post","type-post","status-publish","format-standard","has-post-thumbnail","hentry","category-news","category-rennen","entry"],"_links":{"self":[{"href":"https:\/\/www.24hracing.at\/hu\/wp-json\/wp\/v2\/posts\/57332","targetHints":{"allow":["GET"]}}],"collection":[{"href":"https:\/\/www.24hracing.at\/hu\/wp-json\/wp\/v2\/posts"}],"about":[{"href":"https:\/\/www.24hracing.at\/hu\/wp-json\/wp\/v2\/types\/post"}],"author":[{"embeddable":true,"href":"https:\/\/www.24hracing.at\/hu\/wp-json\/wp\/v2\/users\/7"}],"replies":[{"embeddable":true,"href":"https:\/\/www.24hracing.at\/hu\/wp-json\/wp\/v2\/comments?post=57332"}],"version-history":[{"count":7,"href":"https:\/\/www.24hracing.at\/hu\/wp-json\/wp\/v2\/posts\/57332\/revisions"}],"predecessor-version":[{"id":73135,"href":"https:\/\/www.24hracing.at\/hu\/wp-json\/wp\/v2\/posts\/57332\/revisions\/73135"}],"wp:featuredmedia":[{"embeddable":true,"href":"https:\/\/www.24hracing.at\/hu\/wp-json\/wp\/v2\/media\/57334"}],"wp:attachment":[{"href":"https:\/\/www.24hracing.at\/hu\/wp-json\/wp\/v2\/media?parent=57332"}],"wp:term":[{"taxonomy":"category","embeddable":true,"href":"https:\/\/www.24hracing.at\/hu\/wp-json\/wp\/v2\/categories?post=57332"},{"taxonomy":"post_tag","embeddable":true,"href":"https:\/\/www.24hracing.at\/hu\/wp-json\/wp\/v2\/tags?post=57332"}],"curies":[{"name":"wp","href":"https:\/\/api.w.org\/{rel}","templated":true}]}}